{"id":1322,"date":"2024-09-17T16:16:02","date_gmt":"2024-09-17T14:16:02","guid":{"rendered":"https:\/\/swisshrmed.ch\/?p=1322"},"modified":"2024-10-10T15:17:59","modified_gmt":"2024-10-10T13:17:59","slug":"meritxell-capdevila","status":"publish","type":"post","link":"https:\/\/swisshrmed.ch\/es\/meritxell-capdevila\/","title":{"rendered":"Meritxell Capdevila"},"content":{"rendered":"<h2 class=\"wp-block-heading\">Me llamo Meritxell, tengo 37 a\u00f1os y vengo de Espa\u00f1a<\/h2>\r\n\r\n\r\n\r\n<p>Soy Licenciada en Farmacia y hablo catal\u00e1n, castellano, ingl\u00e9s y un poco de franc\u00e9s y japon\u00e9s.<\/p>\r\n\r\n\r\n\r\n<h3 class=\"wp-block-heading\">\u00bfQu\u00e9 le hizo decidirse a empezar una carrera en Suiza y c\u00f3mo conoci\u00f3 el concepto ling\u00fc\u00edstico Lingua de Swiss HRmed?<\/h3>\r\n\r\n\r\n\r\n<p>Me encanta estar en la monta\u00f1a y hacer deporte al aire libre. As\u00ed que cuando vi la oferta de trabajo del concepto ling\u00fc\u00edstico Lingua de Swiss HRmed en un portal de empleo para farmac\u00e9uticos, supe que ten\u00eda que presentar mi candidatura.<\/p>\r\n\r\n\r\n\r\n<h3 class=\"wp-block-heading\"><strong>\u00bfPor qu\u00e9 solicit\u00f3 el concepto ling\u00fc\u00edstico y c\u00f3mo fue el proceso de solicitud?<\/strong><\/h3>\r\n\r\n\r\n\r\n<p>El socio espa\u00f1ol me sac\u00f3 de dudas y me explic\u00f3 c\u00f3mo funcionaba el programa. Parec\u00eda muy interesante y pens\u00e9 que no ten\u00eda nada que perder. As\u00ed que me ayudaron con mi expediente de solicitud preparando conmigo mi CV, diplomas y otros certificados. No tuve que esperar mucho para que alguien de Swiss HRmed se pusiera en contacto conmigo. Tuve una entrevista con Swiss HRmed y otra con Galenica y me alegr\u00e9 de que me aceptaran en Language Concept Lingua.<\/p>","protected":false},"excerpt":{"rendered":"<p>Soy Licenciada en Farmacia y hablo catal\u00e1n, castellano, ingl\u00e9s y un poco de franc\u00e9s y japon\u00e9s.<\/p>","protected":false},"author":4,"featured_media":1325,"comment_status":"open","ping_status":"open","sticky":false,"template":"","format":"standard","meta":{"_acf_changed":false,"_breakdance_hide_in_design_set":false,"_breakdance_tags":"","footnotes":""},"categories":[6],"tags":[],"class_list":["post-1322","post","type-post","status-publish","format-standard","has-post-thumbnail","hentry","category-fachperson"],"acf":[],"_links":{"self":[{"href":"https:\/\/swisshrmed.ch\/es\/wp-json\/wp\/v2\/posts\/1322","targetHints":{"allow":["GET"]}}],"collection":[{"href":"https:\/\/swisshrmed.ch\/es\/wp-json\/wp\/v2\/posts"}],"about":[{"href":"https:\/\/swisshrmed.ch\/es\/wp-json\/wp\/v2\/types\/post"}],"author":[{"embeddable":true,"href":"https:\/\/swisshrmed.ch\/es\/wp-json\/wp\/v2\/users\/4"}],"replies":[{"embeddable":true,"href":"https:\/\/swisshrmed.ch\/es\/wp-json\/wp\/v2\/comments?post=1322"}],"version-history":[{"count":5,"href":"https:\/\/swisshrmed.ch\/es\/wp-json\/wp\/v2\/posts\/1322\/revisions"}],"predecessor-version":[{"id":1437,"href":"https:\/\/swisshrmed.ch\/es\/wp-json\/wp\/v2\/posts\/1322\/revisions\/1437"}],"wp:featuredmedia":[{"embeddable":true,"href":"https:\/\/swisshrmed.ch\/es\/wp-json\/wp\/v2\/media\/1325"}],"wp:attachment":[{"href":"https:\/\/swisshrmed.ch\/es\/wp-json\/wp\/v2\/media?parent=1322"}],"wp:term":[{"taxonomy":"category","embeddable":true,"href":"https:\/\/swisshrmed.ch\/es\/wp-json\/wp\/v2\/categories?post=1322"},{"taxonomy":"post_tag","embeddable":true,"href":"https:\/\/swisshrmed.ch\/es\/wp-json\/wp\/v2\/tags?post=1322"}],"curies":[{"name":"wp","href":"https:\/\/api.w.org\/{rel}","templated":true}]}}