{"id":1099,"date":"2024-02-28T22:55:56","date_gmt":"2024-02-28T21:55:56","guid":{"rendered":"https:\/\/swisshrmed.ch\/?p=1099"},"modified":"2024-02-28T23:02:57","modified_gmt":"2024-02-28T22:02:57","slug":"bettina-schmid","status":"publish","type":"post","link":"https:\/\/swisshrmed.ch\/fr\/bettina-schmid\/","title":{"rendered":"Bettina Schmid"},"content":{"rendered":"<h2 class=\"wp-block-heading\">Je m'appelle Bettina Schmid et je suis directrice d'exploitation du service de radiologie de l'H\u00f4pital universitaire Balgrist.<\/h2>\n\n\n\n<p>J'ai appris le m\u00e9tier de radiologue et j'occupe maintenant une fonction de direction depuis 13 ans. Depuis 3 ans, j'ai pris la responsabilit\u00e9 g\u00e9n\u00e9rale de l'exploitation non m\u00e9dicale de notre service de radiologie.<\/p>\n\n\n\n<h3 class=\"wp-block-heading\">Comment \u00eates-vous entr\u00e9 en contact avec Swiss HRmed ?<\/h3>\n\n\n\n<p>Brigit Friedrich nous a contact\u00e9s dans le cadre d'un recrutement de personnel et s'est ensuite rendue personnellement dans notre service pour faire connaissance avec notre entreprise. C'est ainsi que notre collaboration est n\u00e9e et s'est d\u00e9velopp\u00e9e.<\/p>\n\n\n\n<h3 class=\"wp-block-heading\">Quels changements avez-vous vu jusqu'\u00e0 pr\u00e9sent dans la collaboration avec Swiss HRmed pour vous et votre \u00e9quipe ?<\/h3>\n\n\n\n<p>Avec Swiss HRmed, j'ai un partenariat dans le domaine du placement de personnel qui va bien au-del\u00e0 de la proc\u00e9dure habituelle. Les personnes prises en charge par Swiss HRmed b\u00e9n\u00e9ficient d'une tr\u00e8s bonne prise en charge globale et moi, en tant que sup\u00e9rieur hi\u00e9rarchique, je suis soulag\u00e9 par les prestations de service li\u00e9es \u00e0 une nouvelle embauche. C'est justement lorsque les personnes venant de l'\u00e9tranger ont un interlocuteur externe que l'\u00e9quipe et moi-m\u00eame, en tant que sup\u00e9rieur hi\u00e9rarchique, sommes soulag\u00e9s pour un bon d\u00e9part.<\/p>","protected":false},"excerpt":{"rendered":"<p>Je m'appelle Bettina Schmid et je suis directrice d'exploitation du service de radiologie de l'H\u00f4pital universitaire Balgrist. J'ai appris le m\u00e9tier de radiologue et j'occupe depuis 13 ans une fonction de direction.<\/p>","protected":false},"author":4,"featured_media":1101,"comment_status":"open","ping_status":"open","sticky":false,"template":"","format":"standard","meta":{"_acf_changed":false,"_breakdance_hide_in_design_set":false,"_breakdance_tags":"","footnotes":""},"categories":[7],"tags":[],"class_list":["post-1099","post","type-post","status-publish","format-standard","has-post-thumbnail","hentry","category-kunde"],"acf":[],"_links":{"self":[{"href":"https:\/\/swisshrmed.ch\/fr\/wp-json\/wp\/v2\/posts\/1099","targetHints":{"allow":["GET"]}}],"collection":[{"href":"https:\/\/swisshrmed.ch\/fr\/wp-json\/wp\/v2\/posts"}],"about":[{"href":"https:\/\/swisshrmed.ch\/fr\/wp-json\/wp\/v2\/types\/post"}],"author":[{"embeddable":true,"href":"https:\/\/swisshrmed.ch\/fr\/wp-json\/wp\/v2\/users\/4"}],"replies":[{"embeddable":true,"href":"https:\/\/swisshrmed.ch\/fr\/wp-json\/wp\/v2\/comments?post=1099"}],"version-history":[{"count":3,"href":"https:\/\/swisshrmed.ch\/fr\/wp-json\/wp\/v2\/posts\/1099\/revisions"}],"predecessor-version":[{"id":1104,"href":"https:\/\/swisshrmed.ch\/fr\/wp-json\/wp\/v2\/posts\/1099\/revisions\/1104"}],"wp:featuredmedia":[{"embeddable":true,"href":"https:\/\/swisshrmed.ch\/fr\/wp-json\/wp\/v2\/media\/1101"}],"wp:attachment":[{"href":"https:\/\/swisshrmed.ch\/fr\/wp-json\/wp\/v2\/media?parent=1099"}],"wp:term":[{"taxonomy":"category","embeddable":true,"href":"https:\/\/swisshrmed.ch\/fr\/wp-json\/wp\/v2\/categories?post=1099"},{"taxonomy":"post_tag","embeddable":true,"href":"https:\/\/swisshrmed.ch\/fr\/wp-json\/wp\/v2\/tags?post=1099"}],"curies":[{"name":"wp","href":"https:\/\/api.w.org\/{rel}","templated":true}]}}