{"id":1254,"date":"2024-07-26T17:05:23","date_gmt":"2024-07-26T15:05:23","guid":{"rendered":"https:\/\/swisshrmed.ch\/?p=1254"},"modified":"2024-07-29T09:42:21","modified_gmt":"2024-07-29T07:42:21","slug":"sono-gerda-gaudenz-responsabile-dei-servizi-infermieristici-della-clinica-di-riabilitazione-adelheid-nella-svizzera-centrale","status":"publish","type":"post","link":"https:\/\/swisshrmed.ch\/it\/ich-bin-gerda-gaudenz-pflegedienstleitung-in-der-klinik-adelheid-rehaklinik-der-zentralschweiz\/","title":{"rendered":"Gerda Gaudenz"},"content":{"rendered":"<p>Sono Gerda Gaudenz, responsabile del servizio infermieristico della Clinica Adelheid, una clinica di riabilitazione della Svizzera centrale.<\/p>\n\n\n\n<h2 class=\"wp-block-heading\"><strong>Come \u00e8 entrato in contatto con Swiss HRmed?<\/strong><\/h2>\n\n\n\n<p>Sono entrata in contatto con Swiss HRmed grazie alla raccomandazione di una direttrice di clinica. Aveva gi\u00e0 lavorato con Swiss HRmed e aveva avuto buone esperienze.&nbsp;<\/p>\n\n\n\n<h2 class=\"wp-block-heading\">Come mai ha deciso di lavorare con Swiss HRmed?<\/h2>\n\n\n\n<p>Cos\u00ec, la gi\u00e0 citata buona raccomandazione e i primi colloqui con il CEO di Swiss HRmed, la signora Brigit Friedrich, mi hanno convinto a lavorare con Swiss HRmed.<\/p>\n\n\n\n<h2 class=\"wp-block-heading\">Come \u00e8 andata la collaborazione?<\/h2>\n\n\n\n<p>La collaborazione \u00e8 stata semplice e trasparente. La comunicazione con Brigit \u00e8 sempre onesta, solidale e corretta. Fa quello che dice ed \u00e8 sempre disposta a pensare insieme a voi.<\/p>\n\n\n\n<h2 class=\"wp-block-heading\">Quali cambiamenti ha portato a lei e al suo team la collaborazione con Swiss HRmed?<\/h2>\n\n\n\n<p>Il cambiamento pi\u00f9 importante \u00e8 la stabilit\u00e0. La fluttuazione porta molte sfide a un team. I team possono essere stabilizzati e sviluppati grazie a un reclutamento efficace. Siamo riusciti a reclutare diverso personale infermieristico competente tramite Swiss HRmed, il che ha alleggerito la pressione lavorativa.<\/p>\n\n\n\n<h2 class=\"wp-block-heading\">Quali raccomandazioni ha per altre istituzioni sanitarie interessate a lavorare con Swiss HRmed?<\/h2>\n\n\n\n<p>In ogni caso, contattate il direttore generale Brigit. Organizzate un incontro e verificate di cosa ha bisogno attualmente l'istituzione sanitaria.<\/p>","protected":false},"excerpt":{"rendered":"<p>Sono Gerda Gaudenz, responsabile del servizio infermieristico della Clinica Adelheid, una clinica di riabilitazione della Svizzera centrale.<\/p>","protected":false},"author":4,"featured_media":1222,"comment_status":"open","ping_status":"open","sticky":false,"template":"","format":"standard","meta":{"_acf_changed":false,"_breakdance_hide_in_design_set":false,"_breakdance_tags":"","footnotes":""},"categories":[7],"tags":[],"class_list":["post-1254","post","type-post","status-publish","format-standard","has-post-thumbnail","hentry","category-kunde"],"acf":[],"_links":{"self":[{"href":"https:\/\/swisshrmed.ch\/it\/wp-json\/wp\/v2\/posts\/1254","targetHints":{"allow":["GET"]}}],"collection":[{"href":"https:\/\/swisshrmed.ch\/it\/wp-json\/wp\/v2\/posts"}],"about":[{"href":"https:\/\/swisshrmed.ch\/it\/wp-json\/wp\/v2\/types\/post"}],"author":[{"embeddable":true,"href":"https:\/\/swisshrmed.ch\/it\/wp-json\/wp\/v2\/users\/4"}],"replies":[{"embeddable":true,"href":"https:\/\/swisshrmed.ch\/it\/wp-json\/wp\/v2\/comments?post=1254"}],"version-history":[{"count":3,"href":"https:\/\/swisshrmed.ch\/it\/wp-json\/wp\/v2\/posts\/1254\/revisions"}],"predecessor-version":[{"id":1259,"href":"https:\/\/swisshrmed.ch\/it\/wp-json\/wp\/v2\/posts\/1254\/revisions\/1259"}],"wp:featuredmedia":[{"embeddable":true,"href":"https:\/\/swisshrmed.ch\/it\/wp-json\/wp\/v2\/media\/1222"}],"wp:attachment":[{"href":"https:\/\/swisshrmed.ch\/it\/wp-json\/wp\/v2\/media?parent=1254"}],"wp:term":[{"taxonomy":"category","embeddable":true,"href":"https:\/\/swisshrmed.ch\/it\/wp-json\/wp\/v2\/categories?post=1254"},{"taxonomy":"post_tag","embeddable":true,"href":"https:\/\/swisshrmed.ch\/it\/wp-json\/wp\/v2\/tags?post=1254"}],"curies":[{"name":"wp","href":"https:\/\/api.w.org\/{rel}","templated":true}]}}